{"id":17907,"global_id":"zerowastebcn.com\/es\/?id=17907","global_id_lineage":["zerowastebcn.com\/es\/?id=17907"],"author":"2","status":"publish","date":"2025-07-08 19:29:00","date_utc":"2025-07-08 17:29:00","modified":"2025-08-01 11:28:55","modified_utc":"2025-08-01 09:28:55","url":"https:\/\/zerowastebcn.com\/es\/agenda\/curiositats-historiques-de-la-cosmetica-i-colonia-de-lavanda-cc-navas-2\/","rest_url":"https:\/\/zerowastebcn.com\/es\/wp-json\/tribe\/events\/v1\/events\/17907","title":"Curiositats hist\u00f2riques de la cosm\u00e8tica i col\u00f2nia de lavanda (CC Navas)","description":"<p>Saps que les ungles a l\u2019antiga Xina s\u2019havien portat tan llargues que calia posar-hi una funda? I al final aquestes fundes eren com joies de tan elaborades i decorades que eren?<br \/>\nQue per a suportar les pudors dels carrers hi havia uns objectes anomentas pomanders que es portaven dins la m\u00e0 i s\u2019obrien per a perfumar?<br \/>\nAquests adhesius que ara estan de moda per a tapar i guarir els granets ja s\u2019utilitzaven al segle XVI, i que hist\u00f2ricament s\u2019utilitzaven cosm\u00e8tics a base de plom per a tenir la cara m\u00e9s blanca, per\u00f2 que s\u2019ha demostrat que ens enverinaven?<br \/>\nEn aquest taller farem un recorregut per diferents curiositats hist\u00f2riques com aquestes, parlarem de la cosm\u00e8tica actual i la cosm\u00e8tica natural, i dels origens de la Lavanda. Farem una col\u00f2nia tradicional de lavanda a base d\u2019hidrolat i tintura. Cal portar un pot de vidre d\u2019uns 200 ml, amb tapa i boca ampla. No servir\u00e0 un pot tipus esprai perqu\u00e8 abans la col\u00f2nia haur\u00e0 de macerar.<br \/>\nPreu: 15.65 \u20ac Suplement: 5\u20ac.<\/p>","excerpt":"","slug":"curiositats-historiques-de-la-cosmetica-i-colonia-de-lavanda-cc-navas-2","image":false,"all_day":false,"start_date":"2025-11-27 18:00:00","start_date_details":{"year":"2025","month":"11","day":"27","hour":"18","minutes":"00","seconds":"00"},"end_date":"2025-11-27 20:30:00","end_date_details":{"year":"2025","month":"11","day":"27","hour":"20","minutes":"30","seconds":"00"},"utc_start_date":"2025-11-27 16:00:00","utc_start_date_details":{"year":"2025","month":"11","day":"27","hour":"16","minutes":"00","seconds":"00"},"utc_end_date":"2025-11-27 18:30:00","utc_end_date_details":{"year":"2025","month":"11","day":"27","hour":"18","minutes":"30","seconds":"00"},"timezone":"UTC+2","timezone_abbr":"UTC+2","cost":"","cost_details":{"currency_symbol":"","currency_code":"","currency_position":"prefix","values":[]},"website":"https:\/\/ccnavas.inscripcionscc.com\/MiramModular\/buscador\/buscador.jsp","show_map":false,"show_map_link":false,"hide_from_listings":false,"sticky":false,"featured":false,"categories":[{"name":"Tallers","slug":"tallers","term_group":0,"term_taxonomy_id":151,"taxonomy":"tribe_events_cat","description":"","parent":0,"count":130,"filter":"raw","id":151,"urls":{"self":"https:\/\/zerowastebcn.com\/es\/wp-json\/tribe\/events\/v1\/categories\/151","collection":"https:\/\/zerowastebcn.com\/es\/wp-json\/tribe\/events\/v1\/categories"}}],"tags":[],"venue":[],"organizer":[],"custom_fields":[],"json_ld":{"@context":"http:\/\/schema.org","@type":"Event","name":"Curiositats hist\u00f2riques de la cosm\u00e8tica i col\u00f2nia de lavanda (CC Navas)","description":"&lt;p&gt;Saps que les ungles a l\u2019antiga Xina s\u2019havien portat tan llargues que calia posar-hi una funda? I al final aquestes fundes eren com joies de tan elaborades i decorades que [&hellip;]&lt;\/p&gt;\\n","url":"https:\/\/zerowastebcn.com\/es\/agenda\/curiositats-historiques-de-la-cosmetica-i-colonia-de-lavanda-cc-navas-2\/","eventAttendanceMode":"https:\/\/schema.org\/OfflineEventAttendanceMode","eventStatus":"https:\/\/schema.org\/EventScheduled","startDate":"2025-11-27T18:00:00+02:00","endDate":"2025-11-27T20:30:00+02:00","performer":"Organization"}}