{"id":18993,"global_id":"zerowastebcn.com\/es\/?id=18993","global_id_lineage":["zerowastebcn.com\/es\/?id=18993"],"author":"1","status":"publish","date":"2025-12-23 12:32:30","date_utc":"2025-12-23 10:32:30","modified":"2025-12-23 13:12:57","modified_utc":"2025-12-23 11:12:57","url":"https:\/\/zerowastebcn.com\/es\/agenda\/remeis-i-cosmetica-natural-cc-can-felipa-2\/","rest_url":"https:\/\/zerowastebcn.com\/es\/wp-json\/tribe\/events\/v1\/events\/18993","title":"Remeis i cosm\u00e8tica natural (CC Can Felipa)","description":"<p>(4 sessions) En aquest taller parlarem de remeis tradicionals i casolans, sobretot d\u2019aquells relacionats amb la cura cosm\u00e8tica.<br \/>\nPrepararem productes que despr\u00e9s cadasc\u00fa s\u2019emportar\u00e0 a casa: un oleat de plantes per a la cura de la pell de la cara, un b\u00e0lsam per als llavis i una loci\u00f3 molt senzilla per a tenir els cabells m\u00e9s sans. Tamb\u00e9, farem una versi\u00f3 del fam\u00f3s vinagre dels quatre lladres, i veurem quins usos ha tingut al llarg de la hist\u00f2ria, i per a qu\u00e8 es pot utilitzar avui en dia.<br \/>\nFinalment, aprendrem qu\u00e8 hem de tenir en compte de cara a fer els nostres propis productes naturals, de manera que siguin m\u00e9s sostenibles i saludables.<br \/>\nEl primer dia cal portar tres pots de vidre amb tapa, d\u2019uns 250 ml., ben nets.<br \/>\nL&#8217;env\u00e0s per al b\u00e0lsam labial es proporcionar\u00e0 al taller.<br \/>\nSuplement: 11\u20ac. Consultar preu al CC\u00edvic. <\/p>","excerpt":"","slug":"remeis-i-cosmetica-natural-cc-can-felipa-2","image":false,"all_day":false,"start_date":"2026-01-14 16:30:00","start_date_details":{"year":"2026","month":"01","day":"14","hour":"16","minutes":"30","seconds":"00"},"end_date":"2026-01-14 18:00:00","end_date_details":{"year":"2026","month":"01","day":"14","hour":"18","minutes":"00","seconds":"00"},"utc_start_date":"2026-01-14 14:30:00","utc_start_date_details":{"year":"2026","month":"01","day":"14","hour":"14","minutes":"30","seconds":"00"},"utc_end_date":"2026-01-14 16:00:00","utc_end_date_details":{"year":"2026","month":"01","day":"14","hour":"16","minutes":"00","seconds":"00"},"timezone":"UTC+2","timezone_abbr":"UTC+2","cost":"","cost_details":{"currency_symbol":"","currency_code":"","currency_position":"prefix","values":[]},"website":"https:\/\/www.cccanfelipa.cat\/","show_map":false,"show_map_link":false,"hide_from_listings":false,"sticky":false,"featured":false,"categories":[{"name":"Tallers","slug":"tallers","term_group":0,"term_taxonomy_id":151,"taxonomy":"tribe_events_cat","description":"","parent":0,"count":130,"filter":"raw","id":151,"urls":{"self":"https:\/\/zerowastebcn.com\/es\/wp-json\/tribe\/events\/v1\/categories\/151","collection":"https:\/\/zerowastebcn.com\/es\/wp-json\/tribe\/events\/v1\/categories"}}],"tags":[],"venue":[],"organizer":[],"custom_fields":[],"json_ld":{"@context":"http:\/\/schema.org","@type":"Event","name":"Remeis i cosm\u00e8tica natural (CC Can Felipa)","description":"&lt;p&gt;(4 sessions) En aquest taller parlarem de remeis tradicionals i casolans, sobretot d\u2019aquells relacionats amb la cura cosm\u00e8tica. Prepararem productes que despr\u00e9s cadasc\u00fa s\u2019emportar\u00e0 a casa: un oleat de plantes [&hellip;]&lt;\/p&gt;\\n","url":"https:\/\/zerowastebcn.com\/es\/agenda\/remeis-i-cosmetica-natural-cc-can-felipa-2\/","eventAttendanceMode":"https:\/\/schema.org\/OfflineEventAttendanceMode","eventStatus":"https:\/\/schema.org\/EventScheduled","startDate":"2026-01-14T16:30:00+02:00","endDate":"2026-01-14T18:00:00+02:00","performer":"Organization"}}