{"id":19027,"global_id":"zerowastebcn.com\/es\/?id=19027","global_id_lineage":["zerowastebcn.com\/es\/?id=19027"],"author":"1","status":"publish","date":"2025-12-23 12:34:51","date_utc":"2025-12-23 10:34:51","modified":"2025-12-23 12:34:51","modified_utc":"2025-12-23 10:34:51","url":"https:\/\/zerowastebcn.com\/es\/agenda\/cura-de-la-pell-de-la-cara-cc-pati-llimona\/","rest_url":"https:\/\/zerowastebcn.com\/es\/wp-json\/tribe\/events\/v1\/events\/19027","title":"Cura de la pell de la cara (CC Pati Llimona)","description":"<p>(2 sessions)  En aquest taller veurem quines s\u00f3n les claus per a tenir-ne cura de la pell de la cara de la manera m\u00e9s senzilla, natural i saludable possible. Parlarem de diferents tipus de pell, de diferents opcions per a netejar-la i com mantenir una hidrataci\u00f3 i humectaci\u00f3 correcta. Cada persona tindr\u00e0, quan acabi el taller, un exfoliant de cosm\u00e8tica fresca, un hidrolat i una barreja d\u2019olis personalitzats. El primer dia de classe cal portar un pot d\u2019uns 200 ml. amb tapa. Preu: 13,79\u20ac. Suplement: 8\u20ac. <\/p>","excerpt":"","slug":"cura-de-la-pell-de-la-cara-cc-pati-llimona","image":false,"all_day":false,"start_date":"2026-01-31 10:30:00","start_date_details":{"year":"2026","month":"01","day":"31","hour":"10","minutes":"30","seconds":"00"},"end_date":"2026-01-31 13:30:00","end_date_details":{"year":"2026","month":"01","day":"31","hour":"13","minutes":"30","seconds":"00"},"utc_start_date":"2026-01-31 08:30:00","utc_start_date_details":{"year":"2026","month":"01","day":"31","hour":"08","minutes":"30","seconds":"00"},"utc_end_date":"2026-01-31 11:30:00","utc_end_date_details":{"year":"2026","month":"01","day":"31","hour":"11","minutes":"30","seconds":"00"},"timezone":"UTC+2","timezone_abbr":"UTC+2","cost":"","cost_details":{"currency_symbol":"","currency_code":"","currency_position":"prefix","values":[]},"website":"https:\/\/patillimona.net\/normativa-de-tallers\/","show_map":false,"show_map_link":false,"hide_from_listings":false,"sticky":false,"featured":false,"categories":[{"name":"Tallers","slug":"tallers","term_group":0,"term_taxonomy_id":151,"taxonomy":"tribe_events_cat","description":"","parent":0,"count":130,"filter":"raw","id":151,"urls":{"self":"https:\/\/zerowastebcn.com\/es\/wp-json\/tribe\/events\/v1\/categories\/151","collection":"https:\/\/zerowastebcn.com\/es\/wp-json\/tribe\/events\/v1\/categories"}}],"tags":[],"venue":[],"organizer":[],"custom_fields":[],"json_ld":{"@context":"http:\/\/schema.org","@type":"Event","name":"Cura de la pell de la cara (CC Pati Llimona)","description":"&lt;p&gt;(2 sessions) En aquest taller veurem quines s\u00f3n les claus per a tenir-ne cura de la pell de la cara de la manera m\u00e9s senzilla, natural i saludable possible. Parlarem [&hellip;]&lt;\/p&gt;\\n","url":"https:\/\/zerowastebcn.com\/es\/agenda\/cura-de-la-pell-de-la-cara-cc-pati-llimona\/","eventAttendanceMode":"https:\/\/schema.org\/OfflineEventAttendanceMode","eventStatus":"https:\/\/schema.org\/EventScheduled","startDate":"2026-01-31T10:30:00+02:00","endDate":"2026-01-31T13:30:00+02:00","performer":"Organization"}}